{"id":1628,"date":"2025-05-15T04:44:42","date_gmt":"2025-05-15T04:44:42","guid":{"rendered":"https:\/\/demo.awaikenthemes.com\/nextmind\/ai-image\/?p=1628"},"modified":"2025-12-23T22:08:23","modified_gmt":"2025-12-23T19:08:23","slug":"sehrin-en-tehlikeli-atigi-mimariyi-nasil-kurtaracak","status":"publish","type":"post","link":"https:\/\/arqeteq.com\/en\/sehrin-en-tehlikeli-atigi-mimariyi-nasil-kurtaracak\/","title":{"rendered":"\u015eehrin En Tehlikeli At\u0131\u011f\u0131 Mimariyi Nas\u0131l Kurtaracak?"},"content":{"rendered":"<div data-elementor-type=\"wp-post\" data-elementor-id=\"1628\" class=\"elementor elementor-1628\">\n\t\t\t\t<div class=\"elementor-element elementor-element-71878ec8 e-flex e-con-boxed e-con e-parent\" data-id=\"71878ec8\" data-element_type=\"container\">\n\t\t\t\t\t<div class=\"e-con-inner\">\n\t\t\t\t<div class=\"elementor-element elementor-element-7b95ed7a elementor-widget elementor-widget-text-editor\" data-id=\"7b95ed7a\" data-element_type=\"widget\" data-settings=\"{&quot;ekit_we_effect_on&quot;:&quot;none&quot;}\" data-widget_type=\"text-editor.default\">\n\t\t\t\t\t\t\t\t\t\n<p class=\"wp-block-paragraph\">Mimarl\u0131k d\u00fcnyas\u0131, uzun y\u0131llard\u0131r &#8220;mucize&#8221; olarak nitelendirilip sonras\u0131nda &#8220;lanetli&#8221; ilan edilen malzemelerle dolu karma\u015f\u0131k bir tarihe sahip. Ancak 2025 Lizbon Mimarl\u0131k Trienali\u2019nde sergilenen bir proje, bu karanl\u0131k anlat\u0131y\u0131 tersine \u00e7evirmeye aday. Besley &amp; Spresser imzal\u0131 <i data-path-to-node=\"4\" data-index-in-node=\"274\">09.ED.15 Redux<\/i> yerle\u015ftirmesi, \u00f6l\u00fcmc\u00fcl \u015f\u00f6hretiyle bilinen asbesti, mimari i\u00e7in zarars\u0131z ve ekolojik bir kayna\u011fa d\u00f6n\u00fc\u015ft\u00fcrerek &#8220;Bir \u015eehir Ne Kadar A\u011f\u0131rd\u0131r?&#8221; sorusuna radikal bir yan\u0131t veriyor.<\/p>\n<h2>Do\u011fal Bir Mineralin \u0130tibar \u0130adesi M\u00fcmk\u00fcn m\u00fc?<\/h2>\n\n<blockquote class=\"wp-block-quote is-layout-flow wp-block-quote-is-layout-flow\">\n<p class=\"wp-block-paragraph\">Asbest, asl\u0131nda sentetik bir zehir de\u011fil, do\u011fadan gelen bir mineral. Onu tehlikeli k\u0131lan, insanlar\u0131n onu i\u015fleme bi\u00e7imi ve lifli yap\u0131s\u0131n\u0131n bozuldu\u011funda yaratt\u0131\u011f\u0131 \u00f6l\u00fcmc\u00fcl etkilerdi. Y\u0131llarca yang\u0131na dayan\u0131kl\u0131l\u0131\u011f\u0131yla \u00f6v\u00fclen, ard\u0131ndan kanserojen etkisiyle yasaklanan bu malzeme, \u015fimdi teknoloji sayesinde &#8220;su\u00e7lu&#8221; sandalyesinden kalk\u0131p &#8220;kurtar\u0131c\u0131&#8221; rol\u00fcne soyunuyor.<\/p>\n<\/blockquote>\n\n<p class=\"wp-block-paragraph\">Arqeteq olarak ilgimizi \u00e7eken en \u00f6nemli nokta, projenin asbesti sadece imha edilmesi gereken bir at\u0131k olarak de\u011fil, d\u00f6n\u00fc\u015ft\u00fcr\u00fclebilir bir potansiyel olarak ele almas\u0131. \u0130nsan zekas\u0131 bir zamanlar s\u00f6m\u00fcrd\u00fc\u011f\u00fc bu malzemeyi, \u015fimdi d\u00f6ng\u00fcsel ekonominin bir par\u00e7as\u0131 haline getiriyor.<\/p>\n\n<h2 class=\"wp-block-heading\">Betonda Yeni Bir D\u00f6nem: At\u0131ktan Minerale<\/h2>\n\n<p class=\"wp-block-paragraph\">Projenin kalbinde, asbestli at\u0131klar\u0131n molek\u00fcler d\u00fczeyde de\u011fi\u015ftirilerek (yeniden kristalle\u015ftirilerek) tamamen zarars\u0131z mineral formlar\u0131na d\u00f6n\u00fc\u015ft\u00fcr\u00fclmesi yat\u0131yor. Asbeter gibi partnerlerle y\u00fcr\u00fct\u00fclen ara\u015ft\u0131rmalar \u00e7arp\u0131c\u0131 bir veriyi ortaya koyuyor: Bu d\u00f6n\u00fc\u015ft\u00fcr\u00fclm\u00fc\u015f mineraller, beton \u00fcretimindeki \u00e7imentonun %25&#8217;inin yerini alabiliyor.<br \/><br \/><\/p>\n<p>\u00c7imento end\u00fcstrisinin k\u00fcresel karbon emisyonlar\u0131n\u0131n %8&#8217;inden sorumlu oldu\u011fu bir d\u00fcnyada, bu sadece bir geri d\u00f6n\u00fc\u015f\u00fcm de\u011fil, ayn\u0131 zamanda in\u015faat sekt\u00f6r\u00fc i\u00e7in devasa bir karbon ayak izi silgisi anlam\u0131na geliyor. Ortaya \u00e7\u0131kan yeni nesil malzeme; s\u0131valardan cephe kaplamalar\u0131na, fayanslardan &#8220;MACMA&#8221; betonuna kadar geni\u015f bir yelpazede kullan\u0131labiliyor.<\/p>\n<p><img fetchpriority=\"high\" decoding=\"async\" class=\"aligncenter wp-image-8991 size-large\" src=\"https:\/\/arqeteq.com\/wp-content\/uploads\/2025\/05\/a3-1-819x1024.jpg\" alt=\"\" width=\"800\" height=\"1000\" srcset=\"https:\/\/arqeteq.com\/wp-content\/uploads\/2025\/05\/a3-1-819x1024.jpg 819w, https:\/\/arqeteq.com\/wp-content\/uploads\/2025\/05\/a3-1-240x300.jpg 240w, https:\/\/arqeteq.com\/wp-content\/uploads\/2025\/05\/a3-1-768x960.jpg 768w, https:\/\/arqeteq.com\/wp-content\/uploads\/2025\/05\/a3-1-1229x1536.jpg 1229w, https:\/\/arqeteq.com\/wp-content\/uploads\/2025\/05\/a3-1-1638x2048.jpg 1638w, https:\/\/arqeteq.com\/wp-content\/uploads\/2025\/05\/a3-1-10x12.jpg 10w, https:\/\/arqeteq.com\/wp-content\/uploads\/2025\/05\/a3-1.jpg 2048w\" sizes=\"(max-width: 800px) 100vw, 800px\" \/><\/p>\n<h2>Kentsel Madencilik ve \u015eehrin Kendi Kendini Onarmas\u0131<\/h2>\n<p data-path-to-node=\"12\"><i data-path-to-node=\"12\" data-index-in-node=\"0\">09.ED.15 Redux<\/i>, mimari malzeme tedarik zincirini de sorguluyor. Art\u0131k hammadde i\u00e7in do\u011fay\u0131 kazmak yerine, \u015fehirlerin kendi at\u0131klar\u0131n\u0131 birer rezervuar olarak kullanma vakti geldi. Eskiyen binalardaki asbestin g\u00fcvenle ayr\u0131\u015ft\u0131r\u0131l\u0131p yeni binalar\u0131n tu\u011flas\u0131na d\u00f6n\u00fc\u015fmesi, hem tehlikeli at\u0131k sahalar\u0131n\u0131 ortadan kald\u0131r\u0131yor hem de kentsel arazileri \u00f6zg\u00fcrle\u015ftiriyor.<\/p>\n<p data-path-to-node=\"13\">Bu yakla\u015f\u0131m, \u015fehirlerin s\u00f6m\u00fcren yap\u0131lar olmaktan \u00e7\u0131k\u0131p, kendi kendini onaran ve yenileyen organizmalara d\u00f6n\u00fc\u015febilece\u011finin en somut kan\u0131t\u0131. Ge\u00e7mi\u015fin hatalar\u0131n\u0131 silmekle kalmay\u0131p, onlar\u0131 gelece\u011fin yap\u0131 ta\u015flar\u0131na \u00e7eviren bu vizyon, s\u00fcrd\u00fcr\u00fclebilir mimarl\u0131k i\u00e7in yepyeni bir sayfa a\u00e7\u0131yor.<\/p>\n\t\t\t\t\t\t\t\t<\/div>\n\t\t\t\t\t<\/div>\n\t\t\t\t<\/div>\n\t\t\t\t<\/div>","protected":false},"excerpt":{"rendered":"<p>Mimarl\u0131k d\u00fcnyas\u0131, uzun y\u0131llard\u0131r &#8220;mucize&#8221; olarak nitelendirilip sonras\u0131nda &#8220;lanetli&#8221; ilan edilen malzemelerle dolu karma\u015f\u0131k bir tarihe [&hellip;]<\/p>","protected":false},"author":1,"featured_media":8995,"comment_status":"closed","ping_status":"closed","sticky":false,"template":"","format":"standard","meta":{"footnotes":""},"categories":[1],"tags":[25,26,24],"class_list":["post-1628","post","type-post","status-publish","format-standard","has-post-thumbnail","hentry","category-genel","tag-09-ed-15-redux","tag-asbest","tag-besley-spresser"],"_links":{"self":[{"href":"https:\/\/arqeteq.com\/en\/wp-json\/wp\/v2\/posts\/1628","targetHints":{"allow":["GET"]}}],"collection":[{"href":"https:\/\/arqeteq.com\/en\/wp-json\/wp\/v2\/posts"}],"about":[{"href":"https:\/\/arqeteq.com\/en\/wp-json\/wp\/v2\/types\/post"}],"author":[{"embeddable":true,"href":"https:\/\/arqeteq.com\/en\/wp-json\/wp\/v2\/users\/1"}],"replies":[{"embeddable":true,"href":"https:\/\/arqeteq.com\/en\/wp-json\/wp\/v2\/comments?post=1628"}],"version-history":[{"count":9,"href":"https:\/\/arqeteq.com\/en\/wp-json\/wp\/v2\/posts\/1628\/revisions"}],"predecessor-version":[{"id":9004,"href":"https:\/\/arqeteq.com\/en\/wp-json\/wp\/v2\/posts\/1628\/revisions\/9004"}],"wp:featuredmedia":[{"embeddable":true,"href":"https:\/\/arqeteq.com\/en\/wp-json\/wp\/v2\/media\/8995"}],"wp:attachment":[{"href":"https:\/\/arqeteq.com\/en\/wp-json\/wp\/v2\/media?parent=1628"}],"wp:term":[{"taxonomy":"category","embeddable":true,"href":"https:\/\/arqeteq.com\/en\/wp-json\/wp\/v2\/categories?post=1628"},{"taxonomy":"post_tag","embeddable":true,"href":"https:\/\/arqeteq.com\/en\/wp-json\/wp\/v2\/tags?post=1628"}],"curies":[{"name":"wp","href":"https:\/\/api.w.org\/{rel}","templated":true}]}}